{"id":410,"date":"2026-02-09T22:07:45","date_gmt":"2026-02-09T22:07:45","guid":{"rendered":"https:\/\/reentramadosparalavida.org\/?p=410"},"modified":"2026-02-09T22:21:50","modified_gmt":"2026-02-09T22:21:50","slug":"comunicado-urgente-reentramados-para-la-vida-exige-proteccion-inmediata-para-la-defensora-de-derechos-humanos-poulette-celene-hernandez","status":"publish","type":"post","link":"https:\/\/reentramadosparalavida.org\/index.php\/2026\/02\/09\/comunicado-urgente-reentramados-para-la-vida-exige-proteccion-inmediata-para-la-defensora-de-derechos-humanos-poulette-celene-hernandez\/","title":{"rendered":"COMUNICADO URGENTE: &#8220;Reentramados para la Vida&#8221; exige protecci\u00f3n inmediata para la defensora de derechos humanos Poulette Celene Hern\u00e1ndez"},"content":{"rendered":"\n<p class=\"wp-block-paragraph\"><\/p>\n\n\n\n<p class=\"wp-block-paragraph\">09 de febrero de 2026, Chiapas, M\u00e9xico<\/p>\n\n\n\n<p class=\"wp-block-paragraph\"><br>Desde Reentramados para la Vida, red dedicada al fortalecimiento pol\u00edtico-organizativo, la defensa de los derechos humanos y la construcci\u00f3n de territorios para la vida, expresamos nuestra profunda preocupaci\u00f3n y en\u00e9rgica condena ante las agresiones f\u00edsicas, amenazas de muerte y actos de hostigamiento en contra de la defensora de derechos humanos Poulette Celene Hern\u00e1ndez, ocurridas en el municipio de Tonal\u00e1, regi\u00f3n Istmo-Costa del estado de Chiapas.<br>De acuerdo con informaci\u00f3n documentada por centros de derechos humanos, los hechos recientes configuran un riesgo inminente para su vida e integridad:<\/p>\n\n\n\n<div class=\"wp-block-columns is-layout-flex wp-container-core-columns-is-layout-8f761849 wp-block-columns-is-layout-flex\">\n<div class=\"wp-block-column is-layout-flow wp-block-column-is-layout-flow\">\n<figure class=\"wp-block-image size-large\"><img loading=\"lazy\" decoding=\"async\" width=\"683\" height=\"1024\" src=\"https:\/\/reentramadosparalavida.org\/wp-content\/uploads\/2026\/02\/629990679_122288361542203148_606524633865786649_n-683x1024.jpg\" alt=\"\" class=\"wp-image-411\" srcset=\"https:\/\/reentramadosparalavida.org\/wp-content\/uploads\/2026\/02\/629990679_122288361542203148_606524633865786649_n-683x1024.jpg 683w, https:\/\/reentramadosparalavida.org\/wp-content\/uploads\/2026\/02\/629990679_122288361542203148_606524633865786649_n-200x300.jpg 200w, https:\/\/reentramadosparalavida.org\/wp-content\/uploads\/2026\/02\/629990679_122288361542203148_606524633865786649_n-768x1152.jpg 768w, https:\/\/reentramadosparalavida.org\/wp-content\/uploads\/2026\/02\/629990679_122288361542203148_606524633865786649_n.jpg 1024w\" sizes=\"auto, (max-width: 683px) 100vw, 683px\" \/><\/figure>\n<\/div>\n\n\n\n<div class=\"wp-block-column is-layout-flow wp-block-column-is-layout-flow\">\n<p class=\"wp-block-paragraph\">\u2022 El 8 de febrero de 2026, aproximadamente a las 17:00 horas, tres personas (dos mujeres y un hombre) acudieron al domicilio de la defensora en la Colonia Democr\u00e1tica Chiapaneca, Tonal\u00e1, Chiapas, exigiendo que saliera del inmueble. Posteriormente la insultaron, amenazaron y la agredieron f\u00edsicamente, constituyendo un ataque directo contra su integridad personal.<\/p>\n\n\n\n<p class=\"wp-block-paragraph\">\u2022 El 7 de febrero de 2026, alrededor de las 22:00 horas, cuatro sujetos a bordo de dos motocicletas se presentaron afuera de su domicilio solicitando hablar con ella. Al notar la presencia de otras personas en la vivienda, se retiraron, no sin antes amenazar con regresar, lo que representa actos claros de intimidaci\u00f3n y vigilancia.<\/p>\n<\/div>\n<\/div>\n\n\n\n<p class=\"wp-block-paragraph\"><br>Estos hechos se encuentran denunciados bajo el n\u00famero de atenci\u00f3n 070-2026, radicado en la Fiscal\u00eda General del Estado de Chiapas, Regi\u00f3n Istmo-Costa. Sin embargo, la persistencia de las agresiones evidencia la urgente necesidad de medidas de protecci\u00f3n eficaces.<br><\/p>\n\n\n\n<p class=\"wp-block-paragraph\">Poulette Celene Hern\u00e1ndez es abogada y defensora de derechos humanos, con un amplio trabajo de acompa\u00f1amiento a mujeres en contextos de violencia, procesos de formaci\u00f3n en derechos humanos, salud comunitaria y agroecolog\u00eda en la regi\u00f3n Costa de Chiapas. Su labor se desarrolla en contextos de alta vulnerabilidad, marcados recientemente por denuncias de intentos de despojo vinculados al Corredor Interoce\u00e1nico .<br><\/p>\n\n\n\n<p class=\"wp-block-paragraph\">Desde Reentramados para la Vida alertamos que la violencia contra personas defensoras no es un hecho aislado, sino parte de un patr\u00f3n estructural que busca silenciar, intimidar y desarticular la defensa del territorio y de los derechos humanos.<\/p>\n\n\n\n<p class=\"wp-block-paragraph\"><\/p>\n","protected":false},"excerpt":{"rendered":"<p>09 de febrero de 2026, Chiapas, M\u00e9xico Desde Reentramados para la Vida, red dedicada al fortalecimiento pol\u00edtico-organizativo, la defensa de los derechos humanos y la construcci\u00f3n de territorios para la vida, expresamos nuestra profunda preocupaci\u00f3n y en\u00e9rgica condena ante las agresiones f\u00edsicas, amenazas de muerte y actos de hostigamiento en contra de la defensora de &hellip;<\/p>\n","protected":false},"author":1,"featured_media":0,"comment_status":"closed","ping_status":"closed","sticky":false,"template":"","format":"standard","meta":{"footnotes":""},"categories":[15],"tags":[3,4,5],"class_list":["post-410","post","type-post","status-publish","format-standard","hentry","category-comunidado","tag-chiapas","tag-costa","tag-mujeres"],"_links":{"self":[{"href":"https:\/\/reentramadosparalavida.org\/index.php\/wp-json\/wp\/v2\/posts\/410","targetHints":{"allow":["GET"]}}],"collection":[{"href":"https:\/\/reentramadosparalavida.org\/index.php\/wp-json\/wp\/v2\/posts"}],"about":[{"href":"https:\/\/reentramadosparalavida.org\/index.php\/wp-json\/wp\/v2\/types\/post"}],"author":[{"embeddable":true,"href":"https:\/\/reentramadosparalavida.org\/index.php\/wp-json\/wp\/v2\/users\/1"}],"replies":[{"embeddable":true,"href":"https:\/\/reentramadosparalavida.org\/index.php\/wp-json\/wp\/v2\/comments?post=410"}],"version-history":[{"count":3,"href":"https:\/\/reentramadosparalavida.org\/index.php\/wp-json\/wp\/v2\/posts\/410\/revisions"}],"predecessor-version":[{"id":420,"href":"https:\/\/reentramadosparalavida.org\/index.php\/wp-json\/wp\/v2\/posts\/410\/revisions\/420"}],"wp:attachment":[{"href":"https:\/\/reentramadosparalavida.org\/index.php\/wp-json\/wp\/v2\/media?parent=410"}],"wp:term":[{"taxonomy":"category","embeddable":true,"href":"https:\/\/reentramadosparalavida.org\/index.php\/wp-json\/wp\/v2\/categories?post=410"},{"taxonomy":"post_tag","embeddable":true,"href":"https:\/\/reentramadosparalavida.org\/index.php\/wp-json\/wp\/v2\/tags?post=410"}],"curies":[{"name":"wp","href":"https:\/\/api.w.org\/{rel}","templated":true}]}}