{"id":424,"date":"2026-04-16T22:03:24","date_gmt":"2026-04-16T22:03:24","guid":{"rendered":"https:\/\/reentramadosparalavida.org\/?p=424"},"modified":"2026-04-28T22:06:47","modified_gmt":"2026-04-28T22:06:47","slug":"invitacion-presentacion-virtual-cuadernillo","status":"publish","type":"post","link":"https:\/\/reentramadosparalavida.org\/index.php\/2026\/04\/16\/invitacion-presentacion-virtual-cuadernillo\/","title":{"rendered":"INVITACI\u00d3N | PRESENTACI\u00d3N VIRTUAL CUADERNILLO"},"content":{"rendered":"\n<p class=\"wp-block-paragraph\"><strong>\u201cTerritorios Palmificados al Servicio del Agronegocio en el Sureste Mexicano. Cuadernillos para la Defensa y el Cuidado Territorial\u201d<\/strong><\/p>\n\n\n\n<p class=\"wp-block-paragraph\"><\/p>\n\n\n\n<div class=\"wp-block-columns is-layout-flex wp-container-core-columns-is-layout-8f761849 wp-block-columns-is-layout-flex\">\n<div class=\"wp-block-column is-layout-flow wp-block-column-is-layout-flow\">\n<figure class=\"wp-block-image size-large\"><img loading=\"lazy\" decoding=\"async\" width=\"1024\" height=\"1024\" src=\"https:\/\/reentramadosparalavida.org\/wp-content\/uploads\/2026\/04\/1-1024x1024.png\" alt=\"\u201cTerritorios Palmificados al Servicio del Agronegocio en el Sureste Mexicano. Cuadernillos para la Defensa y el Cuidado Territorial\u201d\" class=\"wp-image-425\" srcset=\"https:\/\/reentramadosparalavida.org\/wp-content\/uploads\/2026\/04\/1-1024x1024.png 1024w, https:\/\/reentramadosparalavida.org\/wp-content\/uploads\/2026\/04\/1-300x300.png 300w, https:\/\/reentramadosparalavida.org\/wp-content\/uploads\/2026\/04\/1-150x150.png 150w, https:\/\/reentramadosparalavida.org\/wp-content\/uploads\/2026\/04\/1-768x768.png 768w, https:\/\/reentramadosparalavida.org\/wp-content\/uploads\/2026\/04\/1-1536x1536.png 1536w, https:\/\/reentramadosparalavida.org\/wp-content\/uploads\/2026\/04\/1-2048x2048.png 2048w\" sizes=\"auto, (max-width: 1024px) 100vw, 1024px\" \/><\/figure>\n<\/div>\n\n\n\n<div class=\"wp-block-column is-layout-flow wp-block-column-is-layout-flow\">\n<p class=\"wp-block-paragraph\">Te invitamos a la presentaci\u00f3n en l\u00ednea:<\/p>\n\n\n\n<ul class=\"wp-block-list\">\n<li><em>Fecha: 22 de abril<\/em><\/li>\n<\/ul>\n\n\n\n<ul class=\"wp-block-list\">\n<li><em>Horario: 11:00 a 12:30 horas<\/em><\/li>\n<\/ul>\n\n\n\n<ul class=\"wp-block-list\">\n<li>Transmisi\u00f3n en l\u00ednea por YouTube de Reentramados para la Vida <a href=\"https:\/\/www.youtube.com\/@ReentramadosParaLaVida\">https:\/\/www.youtube.com\/@ReentramadosParaLaVida<\/a><\/li>\n<\/ul>\n<\/div>\n<\/div>\n\n\n\n<p class=\"wp-block-paragraph\"><em>&#8220;El avance de la palma aceitera en el Sureste mexicano est\u00e1 generando graves impactos: despojo de tierras, crisis h\u00eddrica, p\u00e9rdida de biodiversidad y afectaciones a la vida comunitaria. Frente a este modelo, compartimos herramientas para la defensa del territorio y el cuidado de la vida.&#8221;<\/em><\/p>\n\n\n\n<p class=\"wp-block-paragraph\"><strong>Participan:<\/strong><br>\u2022 Reentramados para la Vida<br>\u2022 Colectivo Tsiijilba Bij<br>\u2022 Red de Mujeres de la Costa en Rebeld\u00eda<br>\u2022 WRM<\/p>\n\n\n\n<p class=\"wp-block-paragraph\"><img loading=\"lazy\" decoding=\"async\" height=\"16\" width=\"16\" alt=\"\ud83c\udf31\" src=\"https:\/\/static.xx.fbcdn.net\/images\/emoji.php\/v9\/t69\/1\/16\/1f331.png\"> Les esperamos para compartir voces, experiencias y caminos de resistencia en defensa de los territorios y la vida.<\/p>\n\n\n\n<div class=\"wp-block-buttons is-layout-flex wp-block-buttons-is-layout-flex\">\n<div class=\"wp-block-button\"><a class=\"wp-block-button__link wp-element-button\" href=\"file:\/\/\/D:\/Anneka\/Descargas\/Territorios-Palmificados_Reentramados-para-la-vida.pdf\" target=\"_blank\" rel=\"noreferrer noopener\">Descarga el cuadernillo aqu\u00ed<\/a><\/div>\n<\/div>\n\n\n\n<p class=\"wp-block-paragraph\"><strong>Grabaci\u00f3n de la retransmisi\u00f3n en vivo<\/strong><\/p>\n\n\n\n<p class=\"wp-block-paragraph\"><a href=\"https:\/\/www.youtube.com\/live\/LsgoBfiurO0?si=xT_NJYNY_4m9JyQ_\">https:\/\/www.youtube.com\/live\/LsgoBfiurO0?si=xT_NJYNY_4m9JyQ_<\/a><\/p>\n\n\n\n<p class=\"wp-block-paragraph\"><\/p>\n","protected":false},"excerpt":{"rendered":"<p>\u201cTerritorios Palmificados al Servicio del Agronegocio en el Sureste Mexicano. Cuadernillos para la Defensa y el Cuidado Territorial\u201d Te invitamos a la presentaci\u00f3n en l\u00ednea: &#8220;El avance de la palma aceitera en el Sureste mexicano est\u00e1 generando graves impactos: despojo de tierras, crisis h\u00eddrica, p\u00e9rdida de biodiversidad y afectaciones a la vida comunitaria. Frente a &hellip;<\/p>\n","protected":false},"author":1,"featured_media":0,"comment_status":"closed","ping_status":"closed","sticky":false,"template":"","format":"standard","meta":{"footnotes":""},"categories":[1],"tags":[],"class_list":["post-424","post","type-post","status-publish","format-standard","hentry","category-sin-categoria"],"_links":{"self":[{"href":"https:\/\/reentramadosparalavida.org\/index.php\/wp-json\/wp\/v2\/posts\/424","targetHints":{"allow":["GET"]}}],"collection":[{"href":"https:\/\/reentramadosparalavida.org\/index.php\/wp-json\/wp\/v2\/posts"}],"about":[{"href":"https:\/\/reentramadosparalavida.org\/index.php\/wp-json\/wp\/v2\/types\/post"}],"author":[{"embeddable":true,"href":"https:\/\/reentramadosparalavida.org\/index.php\/wp-json\/wp\/v2\/users\/1"}],"replies":[{"embeddable":true,"href":"https:\/\/reentramadosparalavida.org\/index.php\/wp-json\/wp\/v2\/comments?post=424"}],"version-history":[{"count":3,"href":"https:\/\/reentramadosparalavida.org\/index.php\/wp-json\/wp\/v2\/posts\/424\/revisions"}],"predecessor-version":[{"id":431,"href":"https:\/\/reentramadosparalavida.org\/index.php\/wp-json\/wp\/v2\/posts\/424\/revisions\/431"}],"wp:attachment":[{"href":"https:\/\/reentramadosparalavida.org\/index.php\/wp-json\/wp\/v2\/media?parent=424"}],"wp:term":[{"taxonomy":"category","embeddable":true,"href":"https:\/\/reentramadosparalavida.org\/index.php\/wp-json\/wp\/v2\/categories?post=424"},{"taxonomy":"post_tag","embeddable":true,"href":"https:\/\/reentramadosparalavida.org\/index.php\/wp-json\/wp\/v2\/tags?post=424"}],"curies":[{"name":"wp","href":"https:\/\/api.w.org\/{rel}","templated":true}]}}